{"provider_url": "https://www.buritama.sp.leg.br", "title": "25\u00aa SESS\u00c3O ORDIN\u00c1RIA - 03/11/2021 - 19H00", "html": "<p>\u00a0 \u00a0 \u00a0 \u00a0 \u00a0 \u00a0 \u00a0 \u00a0 \u00a0 \u00a0 \u00a0 \u00a0 \u00a0 \u00a0 \u00a0 \u00a0 \u00a0 \u00a0 \u00a0<img src=\"https://www.buritama.sp.leg.br/institucional/noticias/copy_of_LOGO.png/@@images/1d0e056a-8f10-4b98-94d1-4101a4ec6e17.png\" alt=\"CAMARA PAUTA\" class=\"image-inline\" title=\"CAMARA PAUTA\" /></p>\r\n<p>\u00a0</p>\r\n<p>\u00a0</p>\r\n<p style=\"text-align: center; \"><b>\u00a0\u00a0\u00a0\u00a0\u00a0\u00a0\u00a0\u00a0\u00a0\u00a0\u00a0\u00a0\u00a0\u00a0\u00a0\u00a0\u00a0\u00a0\u00a0\u00a0\u00a0\u00a0\u00a0\u00a0\u00a0\u00a0\u00a0\u00a0\u00a0\u00a0\u00a0\u00a0\u00a0\u00a0\u00a0 \u00a0\u00a0\u00a0\u00a0\u00a0\u00a0</b></p>\r\n<h2 style=\"text-align: center; \"><b><span>PAUTA DE MAT\u00c9RIAS</span></b></h2>\r\n<h2 style=\"text-align: center; \"><b>\u00a0</b></h2>\r\n<h2 style=\"text-align: center; \"><b><span>LEITURA, DISCUSS\u00c3O E DELIBERA\u00c7\u00c3O</span></b></h2>\r\n<p>\u00a0</p>\r\n<p>\u00a0</p>\r\n<p>\u00a0 \u00a0\u00a0\u00a0\u00a0\u00a0\u00a0\u00a0\u00a0\u00a0\u00a0\u00a0\u00a0\u00a0\u00a0\u00a0\u00a0\u00a0\u00a0\u00a0\u00a0\u00a0\u00a0Constam da <b>Pauta de Mat\u00e9rias</b> da <b>Sess\u00e3o Ordin\u00e1ria</b> da C\u00e2mara Municipal de Buritama, a ser realizada, excepcionalmente, na <b>quarta-feira, dia 03 de novembro de 2021, \u00e0s 19h00</b>, nas depend\u00eancias do Edif\u00edcio-sede do Poder Legislativo, localizado na Avenida Benedito Alves Rangel, n\u00ba 1500, de forma presencial, com a presen\u00e7a de p\u00fablico, nos termos do Ato da Mesa n\u00ba 06, de 01 de setembro de 2021, as seguintes Proposituras: <b>\u00a0\u00a0\u00a0\u00a0\u00a0\u00a0\u00a0\u00a0\u00a0\u00a0\u00a0\u00a0\u00a0\u00a0\u00a0\u00a0\u00a0\u00a0\u00a0\u00a0</b></p>\r\n<p>\u00a0</p>\r\n<p>\u00a0\u00a0\u00a0\u00a0\u00a0\u00a0\u00a0\u00a0\u00a0\u00a0\u00a0\u00a0\u00a0\u00a0\u00a0\u00a0 \u00a0\u00a0\u00a0\u00a0\u00a0<b>PROJETO DE LEI N\u00ba 43/21</b> - Autoria: <b>Poder Executivo Municipal</b>, que disp\u00f5e sobre as Diretrizes Gerais para a elabora\u00e7\u00e3o da Lei Or\u00e7ament\u00e1ria para o Exerc\u00edcio de 2022, e d\u00e1 outras provid\u00eancias;</p>\r\n<p>\u00a0\u00a0\u00a0\u00a0\u00a0\u00a0\u00a0\u00a0\u00a0\u00a0\u00a0\u00a0\u00a0\u00a0\u00a0 \u00a0\u00a0\u00a0\u00a0\u00a0<b>PROJETO DE LEI N\u00ba 44/21</b> - Autoria: <b>Poder Executivo Municipal</b>, que disp\u00f5e sobre o Plano Plurianual para o Quadri\u00eanio de 2022 a 2025 do Munic\u00edpio de Buritama, e d\u00e1 outras provid\u00eancias;</p>\r\n<p>\u00a0\u00a0\u00a0\u00a0\u00a0\u00a0\u00a0\u00a0\u00a0\u00a0\u00a0\u00a0\u00a0\u00a0\u00a0 \u00a0\u00a0\u00a0\u00a0<b>PROJETO DE LEI N\u00ba 45/21</b> - Autoria: <b>Poder Executivo Municipal</b>, que Estima a Receita e Fixa a Despesa do Munic\u00edpio de Buritama para o Exerc\u00edcio de 2022 em R$. 86.900.135,00 (Oitenta e Seis Milh\u00f5es, Novecentos Mil e Cento e Trinta e Cinco Reais); \u00a0</p>\r\n<p>\u00a0\u00a0\u00a0\u00a0\u00a0 \u00a0\u00a0\u00a0\u00a0\u00a0\u00a0\u00a0\u00a0\u00a0\u00a0\u00a0\u00a0\u00a0\u00a0\u00a0<b>PROJETO DE LEI N\u00ba 60/21 \u2013 </b>Autoria:<b> Poder Executivo Municipal</b>, Autoriza desapropria\u00e7\u00e3o de \u00e1reas de terras situada na zona urbana deste Munic\u00edpio, de propriedade de Orlando Moretti Junior e outros, destinada ao alargamento da Rua Bar\u00e3o do Rio Branco, e d\u00e1 outras provid\u00eancias;</p>\r\n<p><b>\u00a0\u00a0\u00a0\u00a0\u00a0\u00a0\u00a0\u00a0\u00a0\u00a0\u00a0\u00a0\u00a0\u00a0\u00a0\u00a0\u00a0\u00a0\u00a0 PROJETO DE LEI N\u00ba 61/21</b> - Autoria:<b> Poder Executivo Municipal</b>, que<b>\u00a0 </b>Disp\u00f5e sobre altera\u00e7\u00e3o da Lei Municipal n\u00ba 3.359/2009, que trata sobre doa\u00e7\u00e3o de materiais inserv\u00edveis e inutiliz\u00e1veis pela Administra\u00e7\u00e3o P\u00fablica Municipal;</p>\r\n<p><b>\u00a0\u00a0\u00a0\u00a0\u00a0\u00a0\u00a0\u00a0\u00a0\u00a0\u00a0\u00a0\u00a0\u00a0\u00a0\u00a0\u00a0\u00a0 PROJETO DE LEI N\u00ba 62/21</b> - Autoria:<b> Poder Executivo Municipal</b>, que Disp\u00f5e sobre abertura de cr\u00e9dito adicional suplementar no valor de R$ 1.121.300,00 ao or\u00e7amento de 2021, altera\u00e7\u00e3o do PPA LDO para os fins que especifica e d\u00e1 outras providencias;</p>\r\n<p><b>\u00a0\u00a0\u00a0\u00a0\u00a0\u00a0\u00a0\u00a0\u00a0\u00a0\u00a0\u00a0\u00a0\u00a0\u00a0\u00a0\u00a0\u00a0 PROJETO DE LEI N\u00ba 63/21</b> - Autoria:<b> Poder Executivo Municipal</b>, que Disp\u00f5e sobre abertura de cr\u00e9dito adicional suplementar no valor de R$ 2.161.000,00 ao or\u00e7amento de 2021, altera\u00e7\u00e3o do PPA LDO para os fins que especifica e d\u00e1 outras provid\u00eancias;</p>\r\n<p><b>\u00a0\u00a0\u00a0\u00a0\u00a0\u00a0\u00a0\u00a0\u00a0\u00a0\u00a0\u00a0\u00a0\u00a0\u00a0\u00a0\u00a0\u00a0 PROJETO DE LEI N\u00ba 64/21</b> - Autoria:<b> Poder Executivo Municipal</b>, que Disp\u00f5e sobre abertura de cr\u00e9dito adicional suplementar ao or\u00e7amento de 2021, altera\u00e7\u00e3o do PPA LDO para os fins que especifica e d\u00e1 outras provid\u00eancias:</p>\r\n<p><b>\u00a0\u00a0\u00a0\u00a0\u00a0\u00a0\u00a0\u00a0\u00a0\u00a0\u00a0\u00a0\u00a0\u00a0\u00a0\u00a0\u00a0 PROJETO DE LEI N\u00ba 65/21</b> - Autoria:<b> Poder Executivo Municipal</b>, que Disp\u00f5e\u00a0 sobre abertura de cr\u00e9dito especial\u00a0 ao or\u00e7amento de 2021 altera\u00e7\u00e3o do PPA LDO para os fins que especifica e d\u00e1 outras provid\u00eancias;</p>\r\n<p>\u00a0</p>\r\n<p><b>\u00a0\u00a0\u00a0\u00a0\u00a0\u00a0\u00a0\u00a0\u00a0\u00a0\u00a0\u00a0\u00a0\u00a0 PROJETO DE LEI N\u00ba 66/21</b> - Autoria:<b> Poder Executivo Municipal</b>, que Disp\u00f5e sobre a Pol\u00edtica\u00a0 Municipal dos Direitos da Crian\u00e7a e do Adolescente do munic\u00edpio de\u00a0 Buritama e d\u00e1 outras provid\u00eancias;</p>\r\n<p><b>\u00a0\u00a0\u00a0\u00a0\u00a0\u00a0\u00a0\u00a0\u00a0\u00a0\u00a0\u00a0\u00a0 PROJETO DE LEI N\u00ba 67/21</b> - Autoria:<b> Poder Executivo Municipal</b>, que Disp\u00f5e sobre denomina\u00e7\u00e3o das estradas municipais do Munic\u00edpio, e d\u00e1 outras provid\u00eancias;</p>\r\n<p>\u00a0</p>\r\n<p><b>\u00a0\u00a0\u00a0 \u00a0\u00a0\u00a0\u00a0\u00a0\u00a0\u00a0\u00a0\u00a0\u00a0\u00a0\u00a0\u00a0\u00a0\u00a0PROPOSTA DE EMENDA \u00c0 LEI ORG\u00c2NICA N\u00ba 01/21</b> - Autoria: <b>Poder Executivo Municipal</b>, que altera a reda\u00e7\u00e3o do \u00a7 5\u00ba do Artigo 69 da Lei Org\u00e2nica do Munic\u00edpio, passando a vigorar com a seguinte reda\u00e7\u00e3o: <b>\u201cPar\u00e1grafo 5\u00ba</b> - A identifica\u00e7\u00e3o de bens m\u00f3veis e im\u00f3veis pertencentes ao Munic\u00edpio, bem como placas indicativas de obras e realiza\u00e7\u00f5es da Administra\u00e7\u00e3o Municipal, timbre e chancela de quaisquer documentos, circulares e publica\u00e7\u00f5es relativas \u00e0s coisas p\u00fablicas, n\u00e3o ser\u00e3o feitas com a utiliza\u00e7\u00e3o de nenhuma express\u00e3o sen\u00e3o a de <b>\u201cGOVERNO DO MUNIC\u00cdPIO DE BURITAMA\u201d</b> ou de <b>\u201cC\u00c2MARA MUNICIPAL DE BURITAMA\u201d</b>, e de nenhum outro s\u00edmbolo que n\u00e3o seja o bras\u00e3o e/ou bandeira oficial do Munic\u00edpio, para ve\u00edculos, na propor\u00e7\u00e3o de 30 cent\u00edmetros de altura por 30 cent\u00edmetros de largura, e para obras, proporcionalmente ao tamanho da placa de denomina\u00e7\u00e3o da obra a ser assentada no local, exceto quando se tratar da inser\u00e7\u00e3o do Logo Tur\u00edstico, <b>bem como para os 17 selos dos ODS \u2013 Objetivos de Desenvolvimento Sustent\u00e1vel\u201d</b>;</p>\r\n<p>\u00a0</p>\r\n<p><b>\u00a0\u00a0\u00a0\u00a0\u00a0\u00a0\u00a0\u00a0\u00a0\u00a0\u00a0\u00a0\u00a0\u00a0\u00a0 PROJETO DE LEI N\u00ba 04/21</b> - Autoria: vereador <b>An\u00edzio Antonio da Silva</b>, que altera a reda\u00e7\u00e3o do Inciso VIII do Artigo 4\u00ba da Lei Municipal n\u00ba 3.223, de 04 de setembro de 2008: <b>\u201cArtigo 4\u00ba - VIII - Contribui\u00e7\u00e3o para o clube de servidores p\u00fablicos municipais e \u00e0 ASPMB-Associa\u00e7\u00e3o dos Servidores P\u00fablicos Municipais de Buritama\u201d</b>;</p>\r\n<p>\u00a0</p>\r\n<p>\u00a0\u00a0\u00a0\u00a0\u00a0\u00a0\u00a0\u00a0\u00a0\u00a0\u00a0\u00a0\u00a0 <b><a class=\"external-link\" href=\"https://sapl.buritama.sp.leg.br/materia/2350\" target=\"_blank\" title=\"\">REQUERIMENTO N\u00ba 10921</a></b> - Autoria: vereador <b>An\u00edzio Antonio da Silva</b>, requerendo, sejam oficiados os senhores <b>Rodrigo Zacarias dos Santos, Prefeito Municipal, Heverton C\u00e2ndido de Paiva, Superintendente do IPREM-Instituto de Previd\u00eancia Municipal, e Jos\u00e9 Eduardo Marins, Diretor Executivo do SAAEMB-Servi\u00e7o Aut\u00f4nomo de \u00c1gua, Esgoto e Meio Ambiente do Munic\u00edpio de Buritama</b>, solicitando-lhe a gentileza, no sentido de fornecerem \u00e0 esta Casa Legislativa, uma rela\u00e7\u00e3o nominal dos servidores p\u00fablicos municipais que receberam F\u00e9rias e Licen\u00e7as-Pr\u00eamios, em pec\u00fania, no per\u00edodo compreendido entre <b>01 de janeiro de 2020 e 31 de dezembro de 2020</b>, e de <b>01 de janeiro de 2021 at\u00e9 a presente data, 27 de outubro de 2021</b>;\u00a0\u00a0</p>\r\n<p>\u00a0\u00a0\u00a0\u00a0\u00a0\u00a0\u00a0\u00a0\u00a0\u00a0\u00a0 <b><a class=\"external-link\" href=\"https://sapl.buritama.sp.leg.br/materia/2349\" target=\"_blank\" title=\"\">INDICA\u00c7\u00c3O N\u00ba 102/21</a></b> - Autoria: vereador <b>Marcos Barbosa de Freitas</b>, indicando ao senhor <b>Rodrigo Zacarias dos Santos, Prefeito Municipal</b>, sejam tomadas as provid\u00eancias necess\u00e1rias, objetivando a constru\u00e7\u00e3o de uma cobertura para servir de abrigo aos alunos nos dias de chuva, com in\u00edcio junto a cal\u00e7ada at\u00e9 \u00e0 porta de entrada da Creche Escola Prof. Carlos Jos\u00e9 Pereira, localizada no Loteamento Residencial Interlagos;</p>\r\n<p>\u00a0\u00a0\u00a0\u00a0\u00a0\u00a0\u00a0\u00a0\u00a0\u00a0 <b><a class=\"external-link\" href=\"https://sapl.buritama.sp.leg.br/materia/2352\" target=\"_blank\" title=\"\">INDICA\u00c7\u00c3O N\u00ba 103/21</a></b> - Autoria: vereador <b>An\u00edzio Antonio da Silva</b>, indicando ao senhor <b>Rodrigo Zacarias dos Santos, Prefeito Municipal</b>, sejam tomadas as provid\u00eancias necess\u00e1rias, objetivando molhar a pista de terra da Estrada Municipal BTM-470 Antonio Batista Borges - \u201cB\u00f3rginho\u201d, at\u00e9 aproximadamente uns 500 metros ap\u00f3s o t\u00e9rmino do Conjunto Habitacional Hor\u00e1rio Rodrigues Goulart.</p>\r\n<p>\u00a0</p>\r\n<p style=\"text-align: right; \"><em><strong>Buritama-SP, 29 de outubro de 2021.</strong></em></p>\r\n<p>\u00a0</p>\r\n<p><b>\u00a0</b></p>\r\n<p style=\"text-align: center; \"><b>CARLOS ALBERTO DOS SANTOS\u00a0 \u00a0\u00a0\u00a0\u00a0\u00a0\u00a0\u00a0\u00a0\u00a0\u00a0\u00a0\u00a0\u00a0\u00a0\u00a0\u00a0\u00a0\u00a0\u00a0\u00a0\u00a0\u00a0\u00a0\u00a0\u00a0\u00a0\u00a0\u00a0JOS\u00c9 ANTONIO BEZERRA</b></p>\r\n<p style=\"text-align: center; \"><b>\u00a0\u00a0\u00a0\u00a0\u00a0\u00a0\u00a0\u00a0\u00a0\u00a0\u00a0\u00a0\u00a0\u00a0\u00a0\u00a0 PRESIDENTE\u00a0\u00a0\u00a0\u00a0\u00a0\u00a0\u00a0\u00a0\u00a0\u00a0\u00a0\u00a0\u00a0\u00a0\u00a0\u00a0\u00a0\u00a0\u00a0\u00a0\u00a0\u00a0\u00a0\u00a0\u00a0\u00a0\u00a0\u00a0\u00a0\u00a0\u00a0\u00a0\u00a0\u00a0\u00a0\u00a0\u00a0\u00a0\u00a0\u00a0 \u00a0\u00a0\u00a0\u00a0\u00a0\u00a0\u00a0OFICIAL ADMINISTRATIVO</b></p>", "author_name": "", "version": "1.0", "author_url": "https://www.buritama.sp.leg.br/author/FELIPE", "provider_name": "C\u00e2mara Municipal de Buritama                            ", "type": "rich"}