{"provider_url": "https://www.buritama.sp.leg.br", "title": "11\u00aa SESS\u00c3O ORDIN\u00c1RIA - 10/05/2021", "html": "<p><img src=\"https://www.buritama.sp.leg.br/institucional/noticias/copy_of_LOGO.png/@@images/1d0e056a-8f10-4b98-94d1-4101a4ec6e17.png\" alt=\"CAMARA PAUTA\" class=\"image-inline\" title=\"CAMARA PAUTA\" /></p>\r\n<p style=\"text-align: center; \"><b>C\u00c2MARA MUNICIPAL DE BURITAMA</b></p>\r\n<p style=\"text-align: center; \">\u00a0</p>\r\n<p style=\"text-align: center; \"><b>PAUTA DE MAT\u00c9RIAS</b></p>\r\n<p style=\"text-align: center; \"><b>\u00a0</b></p>\r\n<p style=\"text-align: center; \"><b>LEITURA, DISCUSS\u00c3O E DELIBERA\u00c7\u00c3O</b></p>\r\n<p>\u00a0</p>\r\n<p>\u00a0\u00a0\u00a0\u00a0\u00a0\u00a0\u00a0\u00a0\u00a0\u00a0\u00a0\u00a0\u00a0 Constam da\u00a0<a class=\"external-link\" href=\"https://sapl.buritama.sp.leg.br/media/sapl/public/sessaoplenaria/258/pauta/pauta_de_materias_10-05-2021.pdf\" target=\"_blank\" title=\"\"><b>Pauta de Mat\u00e9rias</b>\u00a0da\u00a0<b>Sess\u00e3o Ordin\u00e1ria</b></a>\u00a0da C\u00e2mara Municipal de Buritama, a ser realizada na\u00a0<b>segunda-feira, dia 10 de maio de 2021, excepcional e temporariamente, \u00e0s 19h00</b>, nas depend\u00eancias do Edif\u00edcio-sede do Poder Legislativo, localizado na Avenida Benedito Alves Rangel, n\u00ba 1500, de forma presencial, sem presen\u00e7a de p\u00fablico, nos termos do Ato da Mesa n\u00ba 02, de 31.03.21, as seguintes Proposituras:</p>\r\n<p><b>\u00a0\u00a0\u00a0\u00a0\u00a0\u00a0\u00a0\u00a0\u00a0\u00a0\u00a0\u00a0\u00a0 \u00a0\u00a0\u00a0\u00a0</b></p>\r\n<p style=\"text-align: center; \"><b><em>ACESSE A LIVE DA SESS\u00c3O PELOS CANAIS DE COMUNICA\u00c7\u00c3O ABERTOS:\u00a0<a class=\"external-link\" href=\"https://www.youtube.com/channel/UCnlsVdT-6-lg39w7QhnSo_g\" target=\"_blank\" title=\"CANAL OFICIAL DA CAMARA MUNIPAL DE BURITAMA\">YOUTUBE</a>\u00a0E\u00a0<a class=\"external-link\" href=\"https://www.facebook.com/people/C%C3%A2mara-Municipal-de-Buritama/100014889913613\" target=\"_blank\" title=\"PAGINA OFICIAL DA CAMARA MUNIPAL DE BURITAMA\">FACEBOOK</a>.</em></b></p>\r\n<p style=\"text-align: center; \"><b><em><iframe src=\"https://www.youtube.com/embed/WWB4QcpOjok\" title=\"YouTube video player\" width=\"500\" height=\"300\" allowfullscreen=\"\" frameborder=\"0\" style=\"\"></iframe></em></b></p>\r\n<p style=\"text-align: center; \">\u00a0</p>\r\n<div>\r\n<p><b><b>\u00a0 \u00a0 \u00a0 \u00a0 \u00a0 \u00a0 \u00a0 \u00a0 \u00a0 \u00a0 \u00a0<img src=\"https://www.buritama.sp.leg.br/institucional/noticias/PROJETO_DE_LEI.png/@@images/9581e8bb-94a7-48d0-9c39-bb58830fd74f.png\" alt=\"PROJETO_DE_LEI_LOGO\" class=\"image-inline\" title=\"PROJETO_DE_LEI_LOGO\" /><a class=\"external-link\" href=\"http://https//sapl.buritama.sp.leg.br/materia/1559\" target=\"_blank\" title=\"\">\u00a0</a></b><a class=\"external-link\" href=\"http://https//sapl.buritama.sp.leg.br/materia/1559\" target=\"_blank\" title=\"\">PROJETO DE LEI COMPLEMENTAR N\u00ba 06/19</a></b><span>\u00a0- Autoria:\u00a0</span><b>Poder Executivo Municipal</b><span>, que altera a Lei Complementar Municipal n\u00ba 06, de 09 de janeiro de 2004 que disp\u00f5e sobre Uso e Ocupa\u00e7\u00e3o do Solo, e d\u00e1 outras provid\u00eancias;</span></p>\r\n<p><span><br /></span></p>\r\n<p><b>\u00a0\u00a0\u00a0\u00a0\u00a0\u00a0\u00a0\u00a0\u00a0\u00a0 \u00a0\u00a0\u00a0\u00a0\u00a0\u00a0\u00a0<b><img src=\"https://www.buritama.sp.leg.br/institucional/noticias/PROJETO_DE_LEI.png/@@images/9581e8bb-94a7-48d0-9c39-bb58830fd74f.png\" alt=\"PROJETO_DE_LEI_LOGO\" class=\"image-inline\" title=\"PROJETO_DE_LEI_LOGO\" /></b>\u00a0\u00a0\u00a0\u00a0\u00a0<a class=\"external-link\" href=\"https://sapl.buritama.sp.leg.br/materia/1884\" target=\"_blank\" title=\"\">PROJETO DE LEI COMPLEMENTAR N\u00ba 02/20</a></b>\u00a0- Autoria:\u00a0<b>Poder Executivo Municipal</b>, que institui a Lei de Parcelamento do Solo do Munic\u00edpio de Buritama/SP, e d\u00e1 outras provid\u00eancias;</p>\r\n<p>\u00a0</p>\r\n<p><b>\u00a0\u00a0\u00a0\u00a0\u00a0\u00a0\u00a0\u00a0\u00a0 \u00a0\u00a0\u00a0\u00a0\u00a0\u00a0\u00a0\u00a0\u00a0<b><img src=\"https://www.buritama.sp.leg.br/institucional/noticias/PROJETO_DE_LEI.png/@@images/9581e8bb-94a7-48d0-9c39-bb58830fd74f.png\" alt=\"PROJETO_DE_LEI_LOGO\" class=\"image-inline\" title=\"PROJETO_DE_LEI_LOGO\" /></b>\u00a0\u00a0\u00a0\u00a0<a class=\"external-link\" href=\"https://sapl.buritama.sp.leg.br/materia/1885\" target=\"_blank\" title=\"\">PROJETO DE LEI COMPLEMENTAR N\u00ba 03/20</a></b>\u00a0- Autoria:\u00a0<b>Poder Executivo Municipal</b>, que disp\u00f5e e institui o Plano Diretor Participativo do Munic\u00edpio de Buritama/SP, e d\u00e1 outras provid\u00eancias;</p>\r\n<p>\u00a0</p>\r\n<p><b>\u00a0\u00a0\u00a0\u00a0\u00a0\u00a0\u00a0\u00a0\u00a0 \u00a0\u00a0\u00a0\u00a0\u00a0\u00a0\u00a0<b><img src=\"https://www.buritama.sp.leg.br/institucional/noticias/PROJETO_DE_LEI.png/@@images/9581e8bb-94a7-48d0-9c39-bb58830fd74f.png\" alt=\"PROJETO_DE_LEI_LOGO\" class=\"image-inline\" title=\"PROJETO_DE_LEI_LOGO\" /></b>\u00a0\u00a0\u00a0\u00a0\u00a0\u00a0<a class=\"external-link\" href=\"https://sapl.buritama.sp.leg.br/materia/1886\" target=\"_blank\" title=\"\">PROJETO DE LEI COMPLEMENTAR N\u00ba 04/20</a></b>\u00a0- Autoria:\u00a0<b>Poder Executivo Municipal</b>, que institui a Lei de Zoneamento, Uso e Ocupa\u00e7\u00e3o do Solo do Munic\u00edpio de Buritama/SP, e d\u00e1 outras provid\u00eancias;</p>\r\n<p>\u00a0</p>\r\n<p><b>\u00a0\u00a0\u00a0\u00a0\u00a0\u00a0\u00a0\u00a0 \u00a0\u00a0\u00a0\u00a0<b><img src=\"https://www.buritama.sp.leg.br/institucional/noticias/PROJETO_DE_LEI.png/@@images/9581e8bb-94a7-48d0-9c39-bb58830fd74f.png\" alt=\"PROJETO_DE_LEI_LOGO\" class=\"image-inline\" title=\"PROJETO_DE_LEI_LOGO\" /></b>\u00a0\u00a0\u00a0\u00a0\u00a0\u00a0\u00a0\u00a0\u00a0<a class=\"external-link\" href=\"https://sapl.buritama.sp.leg.br/materia/1887\" target=\"_blank\" title=\"\">\u00a0PROJETO DE LEI COMPLEMENTAR N\u00ba 05/20</a></b>\u00a0- Autoria:\u00a0<b>Poder Executivo Municipal</b>, que disp\u00f5e sobre o C\u00f3digo de Obras do Munic\u00edpio de Buritama;</p>\r\n<p>\u00a0</p>\r\n<p><b>\u00a0\u00a0\u00a0\u00a0\u00a0\u00a0\u00a0\u00a0\u00a0\u00a0\u00a0<b><img src=\"https://www.buritama.sp.leg.br/institucional/noticias/PROJETO_DE_LEI.png/@@images/9581e8bb-94a7-48d0-9c39-bb58830fd74f.png\" alt=\"PROJETO_DE_LEI_LOGO\" class=\"image-inline\" title=\"PROJETO_DE_LEI_LOGO\" /></b>\u00a0\u00a0\u00a0\u00a0\u00a0\u00a0\u00a0 \u00a0\u00a0\u00a0\u00a0<a class=\"external-link\" href=\"https://sapl.buritama.sp.leg.br/materia/1888\" target=\"_blank\" title=\"\">PROJETO DE LEI COMPLEMENTAR N\u00ba 06/20</a></b>\u00a0- Autoria:\u00a0<b>Poder Executivo Municipal</b>, que delimita o Per\u00edmetro Urbano do Munic\u00edpio de Buritama/SP, e d\u00e1 outras provid\u00eancias;<b>\u00a0\u00a0\u00a0\u00a0</b></p>\r\n<p><b><br /></b></p>\r\n<p><b>\u00a0\u00a0\u00a0\u00a0\u00a0\u00a0\u00a0\u00a0\u00a0\u00a0\u00a0\u00a0<b><img src=\"https://www.buritama.sp.leg.br/institucional/noticias/PROJETO_DE_LEI.png/@@images/9581e8bb-94a7-48d0-9c39-bb58830fd74f.png\" alt=\"PROJETO_DE_LEI_LOGO\" class=\"image-inline\" title=\"PROJETO_DE_LEI_LOGO\" /></b>\u00a0\u00a0\u00a0\u00a0\u00a0 \u00a0\u00a0\u00a0\u00a0<a class=\"external-link\" href=\"https://sapl.buritama.sp.leg.br/materia/1889\" target=\"_blank\" title=\"\">PROJETO DE LEI COMPLEMENTAR N\u00ba 07/20</a></b>\u00a0- Autoria:\u00a0<b>Poder Executivo Municipal</b>, que disp\u00f5e sobre o C\u00f3digo de Posturas do Munic\u00edpio de Buritama;</p>\r\n<p>\u00a0</p>\r\n<p><b>\u00a0\u00a0\u00a0\u00a0\u00a0\u00a0\u00a0\u00a0\u00a0\u00a0\u00a0\u00a0\u00a0\u00a0\u00a0\u00a0\u00a0<b><img src=\"https://www.buritama.sp.leg.br/institucional/noticias/PROJETO_DE_LEI.png/@@images/9581e8bb-94a7-48d0-9c39-bb58830fd74f.png\" alt=\"PROJETO_DE_LEI_LOGO\" class=\"image-inline\" title=\"PROJETO_DE_LEI_LOGO\" /></b> \u00a0\u00a0\u00a0<a class=\"external-link\" href=\"https://sapl.buritama.sp.leg.br/materia/1890\" target=\"_blank\" title=\"\">\u00a0PROJETO DE LEI COMPLEMENTAR N\u00ba 08/20</a></b>\u00a0- Autoria:\u00a0<b>Poder Executivo Municipal</b>, que institui a Lei de Sistema Vi\u00e1rio do Munic\u00edpio de Buritama, e d\u00e1 outras provid\u00eancias;</p>\r\n<p>\u00a0</p>\r\n<p><b>\u00a0\u00a0\u00a0\u00a0\u00a0\u00a0\u00a0\u00a0\u00a0\u00a0\u00a0\u00a0\u00a0\u00a0\u00a0<b><img src=\"https://www.buritama.sp.leg.br/institucional/noticias/PROJETO_DE_LEI.png/@@images/9581e8bb-94a7-48d0-9c39-bb58830fd74f.png\" alt=\"PROJETO_DE_LEI_LOGO\" class=\"image-inline\" title=\"PROJETO_DE_LEI_LOGO\" /></b>\u00a0\u00a0\u00a0\u00a0\u00a0 <a class=\"external-link\" href=\"https://sapl.buritama.sp.leg.br/media/sapl/public/materialegislativa/2021/2164/projeto_de_lei_no_21.pdf\" target=\"_self\" title=\"\">PROJETO DE LEI N\u00ba 21/21</a></b>\u00a0- Autoria:\u00a0<b>Poder Executivo Municipal</b>, que disp\u00f5e sobre abertura de Cr\u00e9dito Adicional Suplementar e Cr\u00e9dito Especial na import\u00e2ncia de R$. 200.000,00 ao or\u00e7amento programa do SAAEMB para o exerc\u00edcio de 2021, e d\u00e1 outras provid\u00eancias;</p>\r\n<p>\u00a0</p>\r\n<p>\u00a0\u00a0\u00a0\u00a0\u00a0\u00a0\u00a0\u00a0\u00a0\u00a0\u00a0\u00a0\u00a0<b><img src=\"https://www.buritama.sp.leg.br/institucional/noticias/PROJETO_DE_LEI.png/@@images/9581e8bb-94a7-48d0-9c39-bb58830fd74f.png\" alt=\"PROJETO_DE_LEI_LOGO\" class=\"image-inline\" title=\"PROJETO_DE_LEI_LOGO\" /></b>\u00a0\u00a0\u00a0\u00a0\u00a0\u00a0\u00a0<b><a class=\"external-link\" href=\"https://sapl.buritama.sp.leg.br/media/sapl/public/materialegislativa/2021/2165/projeto_de_lei_no_22.pdf\" target=\"_self\" title=\"\">PROJETO DE LEI N\u00ba 22/21</a></b>\u00a0- Autoria:\u00a0<b>Poder Executivo Municipal</b>, que disp\u00f5e sobre revoga\u00e7\u00e3o parcial da Lei Municipal n\u00ba 3.349/2009 que trata sobre desafeta\u00e7\u00e3o de im\u00f3vel e autoriza\u00e7\u00e3o do Poder Executivo a permitir seu uso \u00e0 empresa Par\u00e1 Concentrates And. Minerais Ltda., e d\u00e1 outras provid\u00eancias;</p>\r\n<p>\u00a0</p>\r\n<p><b>\u00a0\u00a0 \u00a0\u00a0\u00a0<img src=\"https://www.buritama.sp.leg.br/institucional/noticias/REQ_LOGO.png/@@images/f82a5ecd-f900-4f4f-9276-8cc6e8096e09.png\" alt=\"REQ_LOGO\" class=\"image-inline\" title=\"REQ_LOGO\" />\u00a0 \u00a0 \u00a0 <a class=\"external-link\" href=\"https://sapl.buritama.sp.leg.br/materia/2166\" target=\"_blank\" title=\"\">REQUERIMENTO N\u00ba 49/21</a></b>- Autoria: vereador\u00a0<b>An\u00edzio Antonio da Silva</b>, requerendo, seja oficiado o senhor\u00a0<b>Jo\u00e3o Daniel dos Santos, Provedor da Santa Casa de Miseric\u00f3rdia S\u00e3o Francisco de Buritama</b>, solicitando-lhe a gentileza, no sentido de fornecer \u00e0 esta Casa Legislativa, informa\u00e7\u00f5es sobre o empr\u00e9stimo de um Respirador de Oxig\u00eanio \u00e0 UNIMED DE BIRIGUI, em qual circunst\u00e2ncia isso ocorreu, e por qual per\u00edodo;</p>\r\n<p>\u00a0</p>\r\n<p><b>\u00a0 \u00a0 \u00a0\u00a0</b><img src=\"https://www.buritama.sp.leg.br/institucional/noticias/REQ_LOGO.png/@@images/f82a5ecd-f900-4f4f-9276-8cc6e8096e09.png\" alt=\"REQ_LOGO\" class=\"image-inline\" title=\"REQ_LOGO\" /><b>\u00a0 \u00a0 \u00a0<a class=\"external-link\" href=\"https://sapl.buritama.sp.leg.br/materia/2167\" target=\"_blank\" title=\"\">REQUERIMENTO N\u00ba 50/21</a></b><span>\u00a0- Autoria: vereador\u00a0</span><b>An\u00edzio Antonio da Silva</b><span>, requerendo, seja oficiado o senhor\u00a0</span><b>Jos\u00e9 Eduardo Marins, Diretor Executivo do SAAEMB-Servi\u00e7o Aut\u00f4nomo de \u00c1gua, Esgoto e Meio Ambiente do Munic\u00edpio de Buritama</b><span>, solicitando-lhe a gentileza, no sentido de fornecer \u00e0 esta Casa Legislativa, informa\u00e7\u00f5es sobre a atual fase de execu\u00e7\u00e3o do Conv\u00eanio assinado na administra\u00e7\u00e3o do Prefeito Municipal, Izair dos Santos Teixeira junto ao FID - Fundo de Interesses Difusos da Secretaria Estado da Justi\u00e7a do Estado de S\u00e3o Paulo, que tem como objeto a implanta\u00e7\u00e3o de triturador de galhos, esteira de lixo seletivo e triturador de entulhos; informar a situa\u00e7\u00e3o atual, quais os entraves para a n\u00e3o conclus\u00e3o do referido conv\u00eanio e a data prov\u00e1vel do in\u00edcio da opera\u00e7\u00e3o;</span></p>\r\n<p><span><br /></span></p>\r\n<p>\u00a0\u00a0\u00a0\u00a0<b><img src=\"https://www.buritama.sp.leg.br/institucional/noticias/REQ_LOGO.png/@@images/f82a5ecd-f900-4f4f-9276-8cc6e8096e09.png\" alt=\"REQ_LOGO\" class=\"image-inline\" title=\"REQ_LOGO\" /></b>\u00a0\u00a0<b><a class=\"external-link\" href=\"https://sapl.buritama.sp.leg.br/materia/2168\" target=\"_blank\" title=\"\">REQUERIMENTO N\u00ba 51/21</a></b>\u00a0- Autoria: vereador\u00a0<b>An\u00edzio Antonio da Silva</b>, requerendo, seja oficiado o senhor\u00a0<b>Rodrigo Zacarias dos Santos, Prefeito Municipal</b>, solicitando-lhe a gentileza, no sentido de fornecer \u00e0 esta Casa Legislativa, informa\u00e7\u00f5es \u00e0 respeito da n\u00e3o atualiza\u00e7\u00e3o do Ticket Alimenta\u00e7\u00e3o, de acordo com a Lei Municipal n\u00ba 2.930, de 29 de maio de 2003;</p>\r\n<p>\u00a0</p>\r\n<p><b>\u00a0<img src=\"https://www.buritama.sp.leg.br/institucional/noticias/IND_LOGO.png/@@images/4ceacba4-0017-4947-974f-698b0145fc28.png\" alt=\"IND_LOGO\" class=\"image-inline\" title=\"IND_LOGO\" /><a class=\"external-link\" href=\"https://sapl.buritama.sp.leg.br/materia/2169\" target=\"_blank\" title=\"\">INDICA\u00c7\u00c3O N\u00ba 54/21</a></b>\u00a0- Autoria: vereadora\u00a0<b>Maria Cristina Nobre Santos</b>, indicando aos senhores\u00a0<b>Rodrigo Zacarias dos Santos, Prefeito Municipal</b><b>, Giselda Elias da Cunha, Diretora Municipal de Tr\u00e2nsito, e Jaime Gon\u00e7alves Sampaio, Presidente do CONSEG-Conselho Comunit\u00e1rio de Seguran\u00e7a do Munic\u00edpio</b>, sejam tomadas as provid\u00eancias necess\u00e1rias, objetivando a execu\u00e7\u00e3o dos servi\u00e7os de pintura, de sinaliza\u00e7\u00e3o de tr\u00e2nsito horizontal, das faixas laterais e central da pista, bem como a coloca\u00e7\u00e3o de placas indicativas de limites de velocidades, ao longo de toda a Estrada Vicinal Jos\u00e9 Teixeira de Almeida;</p>\r\n<p>\u00a0</p>\r\n<p><b><b><img src=\"https://www.buritama.sp.leg.br/institucional/noticias/IND_LOGO.png/@@images/4ceacba4-0017-4947-974f-698b0145fc28.png\" alt=\"IND_LOGO\" class=\"image-inline\" title=\"IND_LOGO\" /></b>\u00a0\u00a0 <a class=\"external-link\" href=\"https://sapl.buritama.sp.leg.br/materia/2170\" target=\"_blank\" title=\"\">INDICA\u00c7\u00c3O N\u00ba 55/21</a></b>\u00a0- Autoria: vereadora\u00a0<b>Maria Cristina Nobre Santos</b>, indicando aos senhores\u00a0<b>Rodrigo Zacarias dos Santos, Prefeito Municipal</b><b>, Giselda Elias da Cunha, Diretora Municipal de Tr\u00e2nsito, e Jaime Gon\u00e7alves Sampaio, Presidente do CONSEG-Conselho Comunit\u00e1rio de Seguran\u00e7a do Munic\u00edpio</b>, sejam tomadas as provid\u00eancias necess\u00e1rias, objetivando a execu\u00e7\u00e3o dos servi\u00e7os de pintura de sinaliza\u00e7\u00e3o de tr\u00e2nsito horizontal, das faixas laterais e central da pista, bem como a coloca\u00e7\u00e3o de placas indicativas de limites de velocidades, ao longo de toda a Estrada Vicinal Antonio Alves Teixeira e a instala\u00e7\u00e3o de guard rails, como forma de prote\u00e7\u00e3o, em dois pontos da referida Estrada Vicinal, onde foram constru\u00eddas galerias de \u00e1guas pluviais sob aquela via p\u00fablica para escoamento sentido C\u00f3rrego Palmeirinha;</p>\r\n<p>\u00a0</p>\r\n<p><b>\u00a0\u00a0\u00a0\u00a0<b><img src=\"https://www.buritama.sp.leg.br/institucional/noticias/IND_LOGO.png/@@images/4ceacba4-0017-4947-974f-698b0145fc28.png\" alt=\"IND_LOGO\" class=\"image-inline\" title=\"IND_LOGO\" /></b>\u00a0 \u00a0 \u00a0<a class=\"external-link\" href=\"https://sapl.buritama.sp.leg.br/materia/2171\" target=\"_blank\" title=\"\">INDICA\u00c7\u00c3O N\u00ba 56/21</a></b>\u00a0- Autoria: vereadora\u00a0<b>Maria Cristina Nobre Santos</b>, indicando ao senhor\u00a0<b>Rodrigo Zacarias dos Santos, Prefeito Municipal</b>, sejam tomadas as provid\u00eancias necess\u00e1rias, objetivando dar uma repaginada nas depend\u00eancias do Anfiteatro El\u00eddio Rodrigues, dotando aquele espa\u00e7o cultural de poltronas e cortinas novas, ou a manuten\u00e7\u00e3o das j\u00e1 existentes, coloca\u00e7\u00e3o de carpete ou de um outro tipo de material apropriado para o local, al\u00e9m de outros detalhes importantes e necess\u00e1rios que devem constar num ambiente como o nosso Anfiteatro;</p>\r\n<p>\u00a0</p>\r\n<p><b>\u00a0 \u00a0</b><img src=\"https://www.buritama.sp.leg.br/institucional/noticias/IND_LOGO.png/@@images/4ceacba4-0017-4947-974f-698b0145fc28.png\" alt=\"IND_LOGO\" class=\"image-inline\" title=\"IND_LOGO\" /><b>\u00a0<a class=\"external-link\" href=\"https://sapl.buritama.sp.leg.br/materia/2172\" target=\"_blank\" title=\"\">INDICA\u00c7\u00c3O N\u00ba 57/21</a></b><span>\u00a0- Autoria: vereador\u00a0</span><b>An\u00edzio Antonio da Silva</b><span>, indicando ao senhor\u00a0</span><b>Heverton C\u00e2ndido de Paiva, Superintendente do IPREM-Instituto de Previd\u00eancia Municipal de Buritama</b><span>, sejam tomadas as provid\u00eancias necess\u00e1rias, objetivando antecipar o pagamento de 50% do 13\u00ba Sal\u00e1rio os servidores p\u00fablicos municipais aposentados e pensionistas junto \u00e0quele Instituto de Previd\u00eancia, nos termos do Par\u00e1grafo \u00fanico do Artigo 49 da Lei Complementar n\u00ba 191/21;</span></p>\r\n<p><span><br /></span></p>\r\n<p><b><b><img src=\"https://www.buritama.sp.leg.br/institucional/noticias/IND_LOGO.png/@@images/4ceacba4-0017-4947-974f-698b0145fc28.png\" alt=\"IND_LOGO\" class=\"image-inline\" title=\"IND_LOGO\" /></b>\u00a0 \u00a0 <a class=\"external-link\" href=\"https://sapl.buritama.sp.leg.br/materia/2173\" target=\"_blank\" title=\"\">INDICA\u00c7\u00c3O N\u00ba 58/21</a></b>\u00a0- Autoria: vereadora\u00a0<b>Maria Cristina Nobre Santos</b>, indicando ao senhor\u00a0<b>Rodrigo Zacarias dos Santos, Prefeito Municipal</b>, sejam tomadas as provid\u00eancias necess\u00e1rias, objetivando dar uma repaginada na Pra\u00e7a Nair Pereira Rosa, como pintura com cor mais viva nos aparelhos de gin\u00e1stica dos idosos ali instalados, plantio de mudas de flores em seus canteiros, bem como a instala\u00e7\u00e3o de c\u00e2meras de seguran\u00e7a no seu interior;</p>\r\n<p>\u00a0</p>\r\n<p><b><b><img src=\"https://www.buritama.sp.leg.br/institucional/noticias/IND_LOGO.png/@@images/4ceacba4-0017-4947-974f-698b0145fc28.png\" alt=\"IND_LOGO\" class=\"image-inline\" title=\"IND_LOGO\" /></b>\u00a0 <a class=\"external-link\" href=\"https://sapl.buritama.sp.leg.br/materia/2174\" target=\"_blank\" title=\"\">INDICA\u00c7\u00c3O N\u00ba 59/21</a></b>\u00a0- Autoria: vereadora\u00a0<b>Maria Cristina Nobre Santos</b>, indicando ao senhor\u00a0<b>Rodrigo Zacarias dos Santos, Prefeito Municipal</b>, sejam tomadas as provid\u00eancias necess\u00e1rias, desenvolvidos os devidos estudos, no sentido de, via recursos pr\u00f3prios ou a celebra\u00e7\u00e3o de conv\u00eanios com algum \u00f3rg\u00e3o governamental competente, ou ainda, atrav\u00e9s da iniciativa privada, mediante realiza\u00e7\u00e3o de processo licitat\u00f3rio, objetivem de fato a execu\u00e7\u00e3o dos servi\u00e7os de constru\u00e7\u00e3o de Quiosques padronizados de alvenaria no Lanch\u00f3dromo Atsumi Sugiura;</p>\r\n<p>\u00a0</p>\r\n<p>\u00a0<b><img src=\"https://www.buritama.sp.leg.br/institucional/noticias/IND_LOGO.png/@@images/4ceacba4-0017-4947-974f-698b0145fc28.png\" alt=\"IND_LOGO\" class=\"image-inline\" title=\"IND_LOGO\" /></b>\u00a0<b><a class=\"external-link\" href=\"https://sapl.buritama.sp.leg.br/materia/2175\" target=\"_blank\" title=\"\">INDICA\u00c7\u00c3O N\u00ba 60/21</a></b>\u00a0- Autoria: vereador\u00a0<b>An\u00edzio Antonio da Silva</b>, indicando ao senhor\u00a0<b>Rodrigo Zacarias dos Santos, Prefeito Municipal</b>, sejam tomadas as provid\u00eancias necess\u00e1rias, objetivando proporcionar uma melhoraria na pot\u00eancia da Internet nas Unidades Escolares de nosso Munic\u00edpio, fornecer tablets com chips de Internet para os alunos de fam\u00edlias inscritas no Cad \u00danico e demais alunos que n\u00e3o tenham condi\u00e7\u00f5es financeiras de adquirir equipamentos cong\u00eaneres.</p>\r\n<p>\u00a0</p>\r\n<p><b>\u00a0</b></p>\r\n<p style=\"text-align: center; \">Buritama-SP, 07 de maio de 2021.</p>\r\n<p><b>\u00a0</b></p>\r\n<p><b>\u00a0</b></p>\r\n<p><b>CARLOS ALBERTO DOS SANTOS\u00a0\u00a0\u00a0\u00a0\u00a0\u00a0\u00a0\u00a0\u00a0\u00a0\u00a0\u00a0\u00a0\u00a0\u00a0 \u00a0\u00a0\u00a0\u00a0\u00a0\u00a0\u00a0\u00a0\u00a0\u00a0\u00a0\u00a0\u00a0\u00a0\u00a0\u00a0\u00a0\u00a0\u00a0\u00a0\u00a0\u00a0\u00a0\u00a0\u00a0\u00a0\u00a0\u00a0\u00a0\u00a0JOS\u00c9 ANTONIO BEZERRA</b></p>\r\n<p><b>\u00a0\u00a0\u00a0\u00a0\u00a0\u00a0\u00a0\u00a0\u00a0\u00a0\u00a0\u00a0\u00a0\u00a0\u00a0\u00a0 PRESIDENTE\u00a0\u00a0\u00a0\u00a0\u00a0\u00a0\u00a0\u00a0\u00a0\u00a0\u00a0\u00a0\u00a0\u00a0\u00a0\u00a0\u00a0\u00a0\u00a0\u00a0\u00a0\u00a0\u00a0\u00a0\u00a0\u00a0\u00a0\u00a0\u00a0\u00a0\u00a0\u00a0\u00a0\u00a0\u00a0\u00a0\u00a0\u00a0\u00a0\u00a0\u00a0\u00a0\u00a0\u00a0\u00a0\u00a0\u00a0\u00a0\u00a0 \u00a0\u00a0\u00a0\u00a0\u00a0\u00a0\u00a0\u00a0\u00a0\u00a0\u00a0\u00a0\u00a0\u00a0\u00a0OFICIAL ADMINISTRATIVO</b></p>\r\n</div>", "author_name": "", "version": "1.0", "author_url": "https://www.buritama.sp.leg.br/author/FELIPE", "provider_name": "C\u00e2mara Municipal de Buritama                            ", "type": "rich"}