{"provider_url": "https://www.buritama.sp.leg.br", "title": "10\u00aa SESS\u00c3O EXTRAORDIN\u00c1RIA - 08/07/2021", "html": "<p><img src=\"https://www.buritama.sp.leg.br/institucional/noticias/LOGO.png/@@images/131c9c63-defe-4d0c-be84-66c96bb9ad77.png\" alt=\"CAMARA PAUTA\" class=\"image-inline\" title=\"CAMARA PAUTA\" /></p>\r\n<p>Atendendo solicita\u00e7\u00e3o de\u00a0<b>CONVOCA\u00c7\u00c3O</b>\u00a0do senhor\u00a0<b>Rodrigo Zacarias dos Santos, Prefeito Municipal</b>, atrav\u00e9s do Of\u00edcio n\u00ba 141/2021-GP, datado de 01.07.21, nos termos do Artigo 180 do Regimento Interno, sirvo-me do presente para\u00a0<b>COMUNICAR</b>\u00a0Vossa Senhoria, para participar das\u00a0<b>SESS\u00c3O EXTRAORDIN\u00c1RIA</b>\u00a0da C\u00e2mara Municipal de Buritama, a serem realizadas na\u00a0<b>quinta-feira, dia 08 de julho de 2021, nos seguintes hor\u00e1rio</b>, para delibera\u00e7\u00e3o da seguinte\u00a0<b>ORDEM DO DIA:</b>\u00a0<b>\u00a0\u00a0\u00a0</b></p>\r\n<p><b>\u00a0</b></p>\r\n<p><b><img src=\"https://www.buritama.sp.leg.br/institucional/noticias/PROJETODELEICOMPLEMENTARLOGO.png/@@images/520cebcf-c006-4281-9cb5-fe5c0eda51a7.png\" style=\"float: left; \" title=\"PL_COM_LOGO\" class=\"image-inline\" alt=\"PL_COM_LOGO\" />\u00a0 \u00a0 \u00a0 \u00a0 \u00a0 \u00a0\u00a0</b></p>\r\n<p><b>QUINTA-FEIRA, 08 DEJULHO DE 2021 \u2013 13H30</b></p>\r\n<p><b>\u00a0\u00a0\u00a0\u00a0\u00a0\u00a0\u00a0\u00a0\u00a0 Projeto de Lei Complementar n\u00ba 02/21 - </b>que acrescenta dispositivo na Lei Complementar n\u00ba 179, de 30 de janeiro de 2019, e d\u00e1 outras provid\u00eancias - <b>(2\u00aa e \u00daltima Discuss\u00e3o e Vota\u00e7\u00e3o);</b></p>\r\n<p><b>\u00a0\u00a0\u00a0\u00a0\u00a0\u00a0\u00a0\u00a0\u00a0 Projeto de Lei Complementar n\u00ba 03/21 - </b>que altera a Lei Complementar Municipal n\u00ba 161/2017, que instituiu o Programa de Parcelamento Incentivado-PPI, autoriza a Utiliza\u00e7\u00e3o de Protestos de Cr\u00e9dito Extrajudicial, Negativa\u00e7\u00e3o de Contribuinte em Geral da Fazenda Municipal e SAAEMB-Servi\u00e7o Aut\u00f4nomo de \u00c1gua, Esgoto e Meio Ambiente do Munic\u00edpio de Buritama e Cria o IPTU Social, dando outras provid\u00eancias \u2013 <b>(2\u00aa e \u00daltima Discuss\u00e3o e Vota\u00e7\u00e3o)</b>.<b></b></p>\r\n<p>\u00a0</p>\r\n<p>\u00a0\u00a0\u00a0\u00a0\u00a0\u00a0\u00a0\u00a0\u00a0\u00a0 Sendo s\u00f3 o que se apresenta para o momento, aproveito a oportunidade para reiterar os meus protestos de elevada estima e distinta considera\u00e7\u00e3o.</p>\r\n<p><b>\u00a0\u00a0\u00a0\u00a0\u00a0\u00a0\u00a0\u00a0\u00a0\u00a0\u00a0\u00a0\u00a0\u00a0\u00a0\u00a0\u00a0\u00a0\u00a0\u00a0\u00a0\u00a0\u00a0\u00a0\u00a0\u00a0\u00a0\u00a0\u00a0\u00a0\u00a0\u00a0\u00a0\u00a0\u00a0\u00a0\u00a0\u00a0\u00a0\u00a0\u00a0\u00a0\u00a0\u00a0\u00a0\u00a0\u00a0\u00a0\u00a0\u00a0\u00a0\u00a0\u00a0\u00a0\u00a0 \u00a0\u00a0\u00a0\u00a0\u00a0\u00a0\u00a0\u00a0\u00a0\u00a0\u00a0\u00a0\u00a0\u00a0CARLOS ALBERTO DOS SANTOS</b></p>\r\n<p><b>\u00a0\u00a0 \u00a0\u00a0\u00a0\u00a0\u00a0\u00a0\u00a0\u00a0\u00a0\u00a0\u00a0\u00a0\u00a0\u00a0\u00a0\u00a0\u00a0\u00a0\u00a0\u00a0\u00a0\u00a0\u00a0\u00a0\u00a0\u00a0\u00a0\u00a0\u00a0\u00a0\u00a0\u00a0\u00a0\u00a0\u00a0\u00a0\u00a0\u00a0\u00a0\u00a0\u00a0\u00a0\u00a0\u00a0\u00a0\u00a0\u00a0\u00a0\u00a0\u00a0\u00a0\u00a0\u00a0\u00a0\u00a0\u00a0\u00a0\u00a0\u00a0\u00a0\u00a0\u00a0\u00a0\u00a0\u00a0\u00a0\u00a0\u00a0\u00a0\u00a0\u00a0\u00a0\u00a0\u00a0\u00a0\u00a0\u00a0\u00a0\u00a0\u00a0\u00a0\u00a0\u00a0\u00a0\u00a0PRESIDENTE</b></p>", "author_name": "", "version": "1.0", "author_url": "https://www.buritama.sp.leg.br/author/FELIPE", "provider_name": "C\u00e2mara Municipal de Buritama                            ", "type": "rich"}